{"id":10598,"date":"2026-07-24T13:56:48","date_gmt":"2026-07-24T16:56:48","guid":{"rendered":"https:\/\/radiosantaclara.sitetopfm.com.br\/site\/projeto-cria-modalidade-de-transicao-de-cuidados-no-sus-para-evitar-reinternacoes\/"},"modified":"2026-07-24T13:56:48","modified_gmt":"2026-07-24T16:56:48","slug":"projeto-cria-modalidade-de-transicao-de-cuidados-no-sus-para-evitar-reinternacoes","status":"publish","type":"post","link":"https:\/\/radiosantaclara.sitetopfm.com.br\/site\/projeto-cria-modalidade-de-transicao-de-cuidados-no-sus-para-evitar-reinternacoes\/","title":{"rendered":"Projeto cria modalidade de transi\u00e7\u00e3o de cuidados no SUS para evitar reinterna\u00e7\u00f5es"},"content":{"rendered":"<p> <br \/>\n<\/p>\n<div id=\"\">\n<figure class=\"materia__midia\" style=\"float: none; margin: 24px 0px;\" data-midia=\"1290476\"><img decoding=\"async\" src=\"https:\/\/www.camara.leg.br\/midias\/image\/2026\/07\/img20260707151420370-768x473.jpg\" alt=\"Deputado Domingos Neto fala ao microfone\"\/><figcaption><span class=\"materia__legenda-imagem\">Domingos Neto: \u00e9 preciso focar no per\u00edodo de convalescen\u00e7a<\/span> &#8211; <span class=\"materia__creditos-imagem\" style=\"color:#5f5f5e\">Foto: Vinicius Loures \/ C\u00e2mara dos Deputados<\/span><\/figcaption><\/figure>\n<p>O Projeto de Lei 977\/26 cria a Assist\u00eancia de Transi\u00e7\u00e3o de Cuidados no \u00e2mbito do Sistema \u00danico de Sa\u00fade (SUS). A medida, em an\u00e1lise na C\u00e2mara dos Deputados, prev\u00ea a continuidade da assist\u00eancia ao paciente no per\u00edodo entre a alta hospitalar e o retorno ao domic\u00edlio ou unidade de longa perman\u00eancia.<\/p>\n<p>Conforme o texto, o atendimento poder\u00e1 ocorrer em Unidades de Transi\u00e7\u00e3o de Cuidados, focadas em reabilita\u00e7\u00e3o, ou na modalidade domiciliar monitorada. Essa segunda forma valer\u00e1 para os primeiros 30 dias ap\u00f3s a alta.<\/p>\n<p>\u201cAtualmente, a fragmenta\u00e7\u00e3o do cuidado no SUS revela uma lacuna entre a alta hospitalar e o retorno ao domic\u00edlio\u201d, disse o deputado Domingos Neto (PSD-CE), autor da proposta. Segundo ele, \u00e9 preciso focar no per\u00edodo de convalescen\u00e7a.<\/p>\n<h3 class=\"ds-titulo-subsecao\">Objetivos<\/h3>\n<p>\n                        O projeto busca reduzir reinterna\u00e7\u00f5es hospitalares e melhorar a rotatividade de leitos de alta complexidade. Tamb\u00e9m prev\u00ea reabilita\u00e7\u00e3o funcional, cuidados paliativos e seguran\u00e7a do paciente na transfer\u00eancia entre n\u00edveis de aten\u00e7\u00e3o.<\/p>\n<p>A proposta altera a Lei Org\u00e2nica da Sa\u00fade para incluir formalmente a execu\u00e7\u00e3o de a\u00e7\u00f5es de assist\u00eancia de transi\u00e7\u00e3o de cuidados no campo de atua\u00e7\u00e3o do SUS.<\/p>\n<p>O texto cria o Fundo Especial de Transi\u00e7\u00e3o em Sa\u00fade para financiar as novas a\u00e7\u00f5es.<\/p>\n<h3 class=\"ds-titulo-subsecao\">Pr\u00f3ximos passos<\/h3>\n<p>\n                        O projeto ser\u00e1 analisado em <span id=\"4322\" class=\"termoGlossario materia__glossario\" title=\"Rito de tramita\u00e7\u00e3o pelo qual o projeto \u00e9 votado apenas pelas comiss\u00f5es designadas para analis\u00e1-lo, dispensada a delibera\u00e7\u00e3o do Plen\u00e1rio. O projeto perde o car\u00e1ter conclusivo se houver decis\u00e3o divergente entre as comiss\u00f5es ou se, independentemente de ser aprovado ou rejeitado, houver recurso assinado por 52 deputados para a aprecia\u00e7\u00e3o da mat\u00e9ria no Plen\u00e1rio.\" contenteditable=\"false\" data-toggle=\"tooltip\" data-placement=\"top\" style=\"color:#5f5f5e;border-bottom:none\">car\u00e1ter conclusivo<\/span> pelas comiss\u00f5es de Sa\u00fade; de Finan\u00e7as e Tributa\u00e7\u00e3o; e de Constitui\u00e7\u00e3o e Justi\u00e7a e de Cidadania. Para virar lei, ter\u00e1 de ser aprovado pela C\u00e2mara e pelo Senado.<\/p>\n<\/p><\/div>\n<p><br \/>\n<br \/><a href=\"https:\/\/www.camara.leg.br\/noticias\/1285578-projeto-cria-modalidade-de-transicao-de-cuidados-no-sus-para-evitar-reinternacoes\">postagem original <\/a><\/p>\n","protected":false},"excerpt":{"rendered":"<p>Domingos Neto: \u00e9 preciso focar no per\u00edodo de convalescen\u00e7a &#8211; Foto: Vinicius Loures \/ C\u00e2mara dos Deputados O Projeto de [&hellip;]<\/p>\n","protected":false},"author":1,"featured_media":6909,"comment_status":"open","ping_status":"open","sticky":false,"template":"","format":"standard","meta":{"site-sidebar-layout":"default","site-content-layout":"","ast-site-content-layout":"default","site-content-style":"default","site-sidebar-style":"default","ast-global-header-display":"","ast-banner-title-visibility":"","ast-main-header-display":"","ast-hfb-above-header-display":"","ast-hfb-below-header-display":"","ast-hfb-mobile-header-display":"","site-post-title":"","ast-breadcrumbs-content":"","ast-featured-img":"","footer-sml-layout":"","theme-transparent-header-meta":"","adv-header-id-meta":"","stick-header-meta":"","header-above-stick-meta":"","header-main-stick-meta":"","header-below-stick-meta":"","astra-migrate-meta-layouts":"default","ast-page-background-enabled":"default","ast-page-background-meta":{"desktop":{"background-color":"var(--ast-global-color-5)","background-image":"","background-repeat":"repeat","background-position":"center center","background-size":"auto","background-attachment":"scroll","background-type":"","background-media":"","overlay-type":"","overlay-color":"","overlay-opacity":"","overlay-gradient":""},"tablet":{"background-color":"","background-image":"","background-repeat":"repeat","background-position":"center center","background-size":"auto","background-attachment":"scroll","background-type":"","background-media":"","overlay-type":"","overlay-color":"","overlay-opacity":"","overlay-gradient":""},"mobile":{"background-color":"","background-image":"","background-repeat":"repeat","background-position":"center center","background-size":"auto","background-attachment":"scroll","background-type":"","background-media":"","overlay-type":"","overlay-color":"","overlay-opacity":"","overlay-gradient":""}},"ast-content-background-meta":{"desktop":{"background-color":"var(--ast-global-color-4)","background-image":"","background-repeat":"repeat","background-position":"center center","background-size":"auto","background-attachment":"scroll","background-type":"","background-media":"","overlay-type":"","overlay-color":"","overlay-opacity":"","overlay-gradient":""},"tablet":{"background-color":"var(--ast-global-color-4)","background-image":"","background-repeat":"repeat","background-position":"center center","background-size":"auto","background-attachment":"scroll","background-type":"","background-media":"","overlay-type":"","overlay-color":"","overlay-opacity":"","overlay-gradient":""},"mobile":{"background-color":"var(--ast-global-color-4)","background-image":"","background-repeat":"repeat","background-position":"center center","background-size":"auto","background-attachment":"scroll","background-type":"","background-media":"","overlay-type":"","overlay-color":"","overlay-opacity":"","overlay-gradient":""}},"_joinchat":[],"footnotes":""},"categories":[26],"tags":[],"_links":{"self":[{"href":"https:\/\/radiosantaclara.sitetopfm.com.br\/site\/wp-json\/wp\/v2\/posts\/10598"}],"collection":[{"href":"https:\/\/radiosantaclara.sitetopfm.com.br\/site\/wp-json\/wp\/v2\/posts"}],"about":[{"href":"https:\/\/radiosantaclara.sitetopfm.com.br\/site\/wp-json\/wp\/v2\/types\/post"}],"author":[{"embeddable":true,"href":"https:\/\/radiosantaclara.sitetopfm.com.br\/site\/wp-json\/wp\/v2\/users\/1"}],"replies":[{"embeddable":true,"href":"https:\/\/radiosantaclara.sitetopfm.com.br\/site\/wp-json\/wp\/v2\/comments?post=10598"}],"version-history":[{"count":0,"href":"https:\/\/radiosantaclara.sitetopfm.com.br\/site\/wp-json\/wp\/v2\/posts\/10598\/revisions"}],"wp:featuredmedia":[{"embeddable":true,"href":"https:\/\/radiosantaclara.sitetopfm.com.br\/site\/wp-json\/wp\/v2\/media\/6909"}],"wp:attachment":[{"href":"https:\/\/radiosantaclara.sitetopfm.com.br\/site\/wp-json\/wp\/v2\/media?parent=10598"}],"wp:term":[{"taxonomy":"category","embeddable":true,"href":"https:\/\/radiosantaclara.sitetopfm.com.br\/site\/wp-json\/wp\/v2\/categories?post=10598"},{"taxonomy":"post_tag","embeddable":true,"href":"https:\/\/radiosantaclara.sitetopfm.com.br\/site\/wp-json\/wp\/v2\/tags?post=10598"}],"curies":[{"name":"wp","href":"https:\/\/api.w.org\/{rel}","templated":true}]}}