{"id":10394,"date":"2026-07-15T23:35:57","date_gmt":"2026-07-16T02:35:57","guid":{"rendered":"https:\/\/radiosantaclara.sitetopfm.com.br\/site\/ccj-aprova-projeto-que-obriga-uso-de-hora-aula-no-calculo-da-jornada-de-professores-noticias\/"},"modified":"2026-07-15T23:35:57","modified_gmt":"2026-07-16T02:35:57","slug":"ccj-aprova-projeto-que-obriga-uso-de-hora-aula-no-calculo-da-jornada-de-professores-noticias","status":"publish","type":"post","link":"https:\/\/radiosantaclara.sitetopfm.com.br\/site\/ccj-aprova-projeto-que-obriga-uso-de-hora-aula-no-calculo-da-jornada-de-professores-noticias\/","title":{"rendered":"CCJ aprova projeto que obriga uso de hora-aula no c\u00e1lculo da jornada de professores &#8211; Not\u00edcias"},"content":{"rendered":"<p> <br \/>\n<\/p>\n<div>\n<p class=\"g-artigo__data-hora\">\n\t\t\t\t\t\t\t\t\t\t\t15\/07\/2026 &#8211; 17:32 \u00a0\n\t\t\t\t\t\t\t\t\t\t<\/p>\n<div id=\"image-container-1291783\" class=\"image-container\" style=\"float: none; margin: 45px 0px; width: 100%;\" data-midia=\"1291783\">\n<p><em>Thiago Cristino \/ C\u00e2mara dos Deputados<\/em><\/p>\n<p><span style=\"font-weight: 400;\">L\u00eddice da Mata: proposta evita sobrecarga de trabalho para professores<\/span><\/p>\n<\/p><\/div>\n<p><span style=\"font-weight: 400;\">A Comiss\u00e3o de Constitui\u00e7\u00e3o e Justi\u00e7a e de Cidadania (CCJ) da C\u00e2mara dos Deputados aprovou projeto de lei que estipula a hora-aula como medida para calcular o tempo de professores e outros profissionais do magist\u00e9rio da educa\u00e7\u00e3o b\u00e1sica (do ensino infantil ao m\u00e9dio) destinado \u00e0s atividades diretamente com estudantes.<\/span><\/p>\n<p><span style=\"font-weight: 400;\">Pela proposta, a hora-aula ser\u00e1 usada como refer\u00eancia mesmo se sua dura\u00e7\u00e3o for inferior a 60 minutos.<\/span><\/p>\n<p><span style=\"font-weight: 400;\">Relatora na comiss\u00e3o, a deputada L\u00eddice da Mata (PSB-BA) apresentou parecer favor\u00e1vel a <span id=\"4098\" class=\"termoGlossario\" title=\"Nome que se d\u00e1 ao texto que altera substancialmente o conte\u00fado original da proposta. O substitutivo \u00e9 apresentado pelo relator e tem prefer\u00eancia na vota\u00e7\u00e3o sobre o projeto original.\" contenteditable=\"false\" data-toggle=\"tooltip\" data-placement=\"top\">substitutivo<\/span> da Comiss\u00e3o de Educa\u00e7\u00e3o ao Projeto de Lei 4332\/24, do deputado Tarc\u00edsio Motta (Psol-RJ).<\/span><\/p>\n<p><span style=\"font-weight: 400;\">\u201cA proposta garante aos professores a inclus\u00e3o do planejamento de atividades extra-classe na sua carga hor\u00e1ria normal. Portanto, faz com que n\u00e3o haja uma sobrecarga de trabalho para os professores\u201d, explicou a relatora.<\/span><\/p>\n<p><span style=\"font-weight: 400;\"><strong>Lacuna jur\u00eddica<\/strong><br \/>O autor, Tarc\u00edsio Motta, afirmou que o objetivo \u00e9 \u201ccobrir uma lacuna jur\u00eddica\u201d da lei do piso salarial do magist\u00e9rio p\u00fablico da educa\u00e7\u00e3o b\u00e1sica (<a class=\"linkLegislacao\" href=\"https:\/\/www2.camara.gov.br\/legin\/fed\/lei\/2008\/lei-11738-16-julho-2008-578202-norma-pl.html\" target=\"_blank\" rel=\"noopener noreferrer\">Lei 11.738\/08<\/a>), que estabelece que 2\/3 da carga hor\u00e1ria do professor devem ser dedicados a atividades diretas com o educando, e 1\/3 para atividades sem intera\u00e7\u00e3o com o educando (como preparar aulas e corrigir provas), mas sem definir como esse tempo ser\u00e1 contabilizado. <\/span><\/p>\n<p><span style=\"font-weight: 400;\">Segundo Motta, alguns governos come\u00e7aram a usar a diferen\u00e7a de 10 minutos na hora-aula dos professores para contabilizar como tempo de planejamento.<\/span><\/p>\n<p><span style=\"font-weight: 400;\">\u201cCada professor foi obrigado a pegar mais turmas, sem um centavo no sal\u00e1rio a mais. Professores j\u00e1 massacrados, adoecidos, nas salas de aula, foram obrigados a pegar mais turmas, de uma hora para outra, porque contavam a chamada minutagem para o tempo de planejamento. Uma covardia, uma crueldade\u201d, criticou o parlamentar.<\/span><\/p>\n<p><span style=\"font-weight: 400;\">A proposta tramitou em <span id=\"4322\" class=\"termoGlossario\" title=\"Rito de tramita\u00e7\u00e3o pelo qual o projeto \u00e9 votado apenas pelas comiss\u00f5es designadas para analis\u00e1-lo, dispensada a delibera\u00e7\u00e3o do Plen\u00e1rio. O projeto perde o car\u00e1ter conclusivo se houver decis\u00e3o divergente entre as comiss\u00f5es ou se, independentemente de ser aprovado ou rejeitado, houver recurso assinado por 52 deputados para a aprecia\u00e7\u00e3o da mat\u00e9ria no Plen\u00e1rio.\" contenteditable=\"false\" data-toggle=\"tooltip\" data-placement=\"top\">car\u00e1ter conclusivo<\/span> e poder\u00e1 seguir para an\u00e1lise do Senado, a menos que haja recurso para vota\u00e7\u00e3o, antes, pelo Plen\u00e1rio da C\u00e2mara.<\/span><\/p>\n<p style=\"font-size: 0.8rem; font-weight: 700;\">Reportagem \u2013 Paula Bittar<br \/>Edi\u00e7\u00e3o \u2013 Roberto Seabra<\/p>\n<\/p><\/div>\n<p><br \/>\n<br \/><a href=\"https:\/\/www.camara.leg.br\/noticias\/1291570-ccj-aprova-projeto-que-obriga-uso-de-hora-aula-no-calculo-da-jornada-de-professores\/\">postagem original <\/a><\/p>\n","protected":false},"excerpt":{"rendered":"<p>15\/07\/2026 &#8211; 17:32 \u00a0 Thiago Cristino \/ C\u00e2mara dos Deputados L\u00eddice da Mata: proposta evita sobrecarga de trabalho para professores [&hellip;]<\/p>\n","protected":false},"author":1,"featured_media":10395,"comment_status":"open","ping_status":"open","sticky":false,"template":"","format":"standard","meta":{"site-sidebar-layout":"default","site-content-layout":"","ast-site-content-layout":"default","site-content-style":"default","site-sidebar-style":"default","ast-global-header-display":"","ast-banner-title-visibility":"","ast-main-header-display":"","ast-hfb-above-header-display":"","ast-hfb-below-header-display":"","ast-hfb-mobile-header-display":"","site-post-title":"","ast-breadcrumbs-content":"","ast-featured-img":"","footer-sml-layout":"","theme-transparent-header-meta":"","adv-header-id-meta":"","stick-header-meta":"","header-above-stick-meta":"","header-main-stick-meta":"","header-below-stick-meta":"","astra-migrate-meta-layouts":"default","ast-page-background-enabled":"default","ast-page-background-meta":{"desktop":{"background-color":"var(--ast-global-color-5)","background-image":"","background-repeat":"repeat","background-position":"center center","background-size":"auto","background-attachment":"scroll","background-type":"","background-media":"","overlay-type":"","overlay-color":"","overlay-opacity":"","overlay-gradient":""},"tablet":{"background-color":"","background-image":"","background-repeat":"repeat","background-position":"center center","background-size":"auto","background-attachment":"scroll","background-type":"","background-media":"","overlay-type":"","overlay-color":"","overlay-opacity":"","overlay-gradient":""},"mobile":{"background-color":"","background-image":"","background-repeat":"repeat","background-position":"center center","background-size":"auto","background-attachment":"scroll","background-type":"","background-media":"","overlay-type":"","overlay-color":"","overlay-opacity":"","overlay-gradient":""}},"ast-content-background-meta":{"desktop":{"background-color":"var(--ast-global-color-4)","background-image":"","background-repeat":"repeat","background-position":"center center","background-size":"auto","background-attachment":"scroll","background-type":"","background-media":"","overlay-type":"","overlay-color":"","overlay-opacity":"","overlay-gradient":""},"tablet":{"background-color":"var(--ast-global-color-4)","background-image":"","background-repeat":"repeat","background-position":"center center","background-size":"auto","background-attachment":"scroll","background-type":"","background-media":"","overlay-type":"","overlay-color":"","overlay-opacity":"","overlay-gradient":""},"mobile":{"background-color":"var(--ast-global-color-4)","background-image":"","background-repeat":"repeat","background-position":"center center","background-size":"auto","background-attachment":"scroll","background-type":"","background-media":"","overlay-type":"","overlay-color":"","overlay-opacity":"","overlay-gradient":""}},"_joinchat":[],"footnotes":""},"categories":[36],"tags":[],"_links":{"self":[{"href":"https:\/\/radiosantaclara.sitetopfm.com.br\/site\/wp-json\/wp\/v2\/posts\/10394"}],"collection":[{"href":"https:\/\/radiosantaclara.sitetopfm.com.br\/site\/wp-json\/wp\/v2\/posts"}],"about":[{"href":"https:\/\/radiosantaclara.sitetopfm.com.br\/site\/wp-json\/wp\/v2\/types\/post"}],"author":[{"embeddable":true,"href":"https:\/\/radiosantaclara.sitetopfm.com.br\/site\/wp-json\/wp\/v2\/users\/1"}],"replies":[{"embeddable":true,"href":"https:\/\/radiosantaclara.sitetopfm.com.br\/site\/wp-json\/wp\/v2\/comments?post=10394"}],"version-history":[{"count":0,"href":"https:\/\/radiosantaclara.sitetopfm.com.br\/site\/wp-json\/wp\/v2\/posts\/10394\/revisions"}],"wp:featuredmedia":[{"embeddable":true,"href":"https:\/\/radiosantaclara.sitetopfm.com.br\/site\/wp-json\/wp\/v2\/media\/10395"}],"wp:attachment":[{"href":"https:\/\/radiosantaclara.sitetopfm.com.br\/site\/wp-json\/wp\/v2\/media?parent=10394"}],"wp:term":[{"taxonomy":"category","embeddable":true,"href":"https:\/\/radiosantaclara.sitetopfm.com.br\/site\/wp-json\/wp\/v2\/categories?post=10394"},{"taxonomy":"post_tag","embeddable":true,"href":"https:\/\/radiosantaclara.sitetopfm.com.br\/site\/wp-json\/wp\/v2\/tags?post=10394"}],"curies":[{"name":"wp","href":"https:\/\/api.w.org\/{rel}","templated":true}]}}