{"id":10384,"date":"2026-07-15T18:29:26","date_gmt":"2026-07-15T21:29:26","guid":{"rendered":"https:\/\/radiosantaclara.sitetopfm.com.br\/site\/anac-deve-publicar-regulamentacao-definitiva-sobre-balonismo-no-final-do-ano-noticias\/"},"modified":"2026-07-15T18:29:26","modified_gmt":"2026-07-15T21:29:26","slug":"anac-deve-publicar-regulamentacao-definitiva-sobre-balonismo-no-final-do-ano-noticias","status":"publish","type":"post","link":"https:\/\/radiosantaclara.sitetopfm.com.br\/site\/anac-deve-publicar-regulamentacao-definitiva-sobre-balonismo-no-final-do-ano-noticias\/","title":{"rendered":"Anac deve publicar regulamenta\u00e7\u00e3o definitiva sobre balonismo no final do ano &#8211; Not\u00edcias"},"content":{"rendered":"<p> <br \/>\n<\/p>\n<div>\n<p class=\"g-artigo__data-hora\">\n\t\t\t\t\t\t\t\t\t\t\t15\/07\/2026 &#8211; 16:30 \u00a0\n\t\t\t\t\t\t\t\t\t\t<\/p>\n<div id=\"image-container-1291759\" class=\"image-container\" style=\"float: none; margin: 45px 0px; width: 100%;\" data-midia=\"1291759\">\n<p><em>Kayo Magalh\u00e3es \/ C\u00e2mara dos Deputados<\/em><\/p>\n<p>Eduardo Braghetto, da Anac: o acidente tornou urgente a elabora\u00e7\u00e3o de normas<\/p>\n<\/p><\/div>\n<p>Um ano ap\u00f3s a ocorr\u00eancia do maior acidente de balonismo do Brasil, em Praia Grande (SC), que deixou 8 mortos e 18 feridos, a Comiss\u00e3o de Turismo da C\u00e2mara dos Deputados debateu a regulamenta\u00e7\u00e3o da atividade no pa\u00eds.<\/p>\n<p>O especialista em regula\u00e7\u00e3o da Ag\u00eancia Nacional de Avia\u00e7\u00e3o Civil (Anac) Eduardo Henrique de Carvalho Braghetto lembrou que uma resolu\u00e7\u00e3o de outubro do ano passado trouxe regras provis\u00f3rias para o balonismo. A medida surgiu tr\u00eas meses depois da trag\u00e9dia em Santa Catarina e estabelece requisitos para o bal\u00e3o, o operador e o piloto.<\/p>\n<p>\u201cFoi um catalisador do problema para que a gente acelerasse a quest\u00e3o. De modo \u00e1gil, a Anac iniciou um trabalho para promover uma regula\u00e7\u00e3o intermedi\u00e1ria, que foi o que acabou gerando a <a href=\"https:\/\/www.anac.gov.br\/assuntos\/legislacao\/legislacao-1\/resolucoes\/2025\/resolucao-782\" target=\"_blank\" rel=\"noopener noreferrer\">Resolu\u00e7\u00e3o 782\/25<\/a>\u201d, disse Braghetto. \u201cMuito dela ser\u00e1 utilizado para a constru\u00e7\u00e3o do regulamento definitivo, que provavelmente ser\u00e1 chamado RBAC 131.\u201d<\/p>\n<p>Ap\u00f3s a resolu\u00e7\u00e3o de outubro do ano passado, nos dois primeiros meses foram habilitados 197 pilotos e 12 instrutores, e 92 operadores foram cadastrados em 25 munic\u00edpios. Dos 162 bal\u00f5es com autoriza\u00e7\u00e3o provis\u00f3ria operacional, 150 deles j\u00e1 est\u00e3o vinculados a operadores.<\/p>\n<p>A Anac deve publicar o regulamento definitivo sobre balonismo at\u00e9 o fim deste ano. Enquanto isso, o balonismo tur\u00edstico est\u00e1 sujeito \u00e0 resolu\u00e7\u00e3o.<\/p>\n<p>Os munic\u00edpios que exploram a atividade defendem a prorroga\u00e7\u00e3o da resolu\u00e7\u00e3o, de modo a n\u00e3o correr risco de impedir a atividade.<\/p>\n<p>O secret\u00e1rio de Turismo de Praia Grande, Henrique Maciel, elogiou a qualidade dos equipamentos de balonismo produzidos no Brasil. &#8220;A ind\u00fastria nacional do balonismo produz equipamentos realmente de ponta, s\u00e3o equipamentos que t\u00eam uma tecnologia de alto padr\u00e3o, de alto n\u00edvel e que, agora, passando por toda essa avalia\u00e7\u00e3o, por essa an\u00e1lise de peritos aeron\u00e1uticos, seria bom que eles possam ter uma vida \u00fatil prorrogada.&#8221;<\/p>\n<p><strong>Turismo de aventura<\/strong><br \/>A deputada Daniela Reinehr (PL-SC) ressaltou que o balonismo se consolidou como um importante segmento do turismo de experi\u00eancia, contribuindo para o desenvolvimento econ\u00f4mico regional e para a gera\u00e7\u00e3o de emprego e renda.<\/p>\n<p>O balonismo \u00e9 uma das 25 atividades de turismo de aventura do pa\u00eds. Segundo a associa\u00e7\u00e3o de empresas de turismo de aventura, o Brasil tem hoje 51 normas para a atividade, sendo modelo de normas t\u00e9cnicas de turismo de aventura no mundo.<\/p>\n<p style=\"font-size: 0.8rem; font-weight: 700;\">Reportagem \u2013 Luiz Cl\u00e1udio Canuto<br \/>Edi\u00e7\u00e3o \u2013 Ana Chalub<\/p>\n<\/p><\/div>\n<p><br \/>\n<br \/><a href=\"https:\/\/www.camara.leg.br\/noticias\/1291662-anac-deve-publicar-regulamentacao-definitiva-sobre-balonismo-no-final-do-ano\/\">postagem original <\/a><\/p>\n","protected":false},"excerpt":{"rendered":"<p>15\/07\/2026 &#8211; 16:30 \u00a0 Kayo Magalh\u00e3es \/ C\u00e2mara dos Deputados Eduardo Braghetto, da Anac: o acidente tornou urgente a elabora\u00e7\u00e3o [&hellip;]<\/p>\n","protected":false},"author":1,"featured_media":10385,"comment_status":"open","ping_status":"open","sticky":false,"template":"","format":"standard","meta":{"site-sidebar-layout":"default","site-content-layout":"","ast-site-content-layout":"default","site-content-style":"default","site-sidebar-style":"default","ast-global-header-display":"","ast-banner-title-visibility":"","ast-main-header-display":"","ast-hfb-above-header-display":"","ast-hfb-below-header-display":"","ast-hfb-mobile-header-display":"","site-post-title":"","ast-breadcrumbs-content":"","ast-featured-img":"","footer-sml-layout":"","theme-transparent-header-meta":"","adv-header-id-meta":"","stick-header-meta":"","header-above-stick-meta":"","header-main-stick-meta":"","header-below-stick-meta":"","astra-migrate-meta-layouts":"default","ast-page-background-enabled":"default","ast-page-background-meta":{"desktop":{"background-color":"var(--ast-global-color-5)","background-image":"","background-repeat":"repeat","background-position":"center center","background-size":"auto","background-attachment":"scroll","background-type":"","background-media":"","overlay-type":"","overlay-color":"","overlay-opacity":"","overlay-gradient":""},"tablet":{"background-color":"","background-image":"","background-repeat":"repeat","background-position":"center center","background-size":"auto","background-attachment":"scroll","background-type":"","background-media":"","overlay-type":"","overlay-color":"","overlay-opacity":"","overlay-gradient":""},"mobile":{"background-color":"","background-image":"","background-repeat":"repeat","background-position":"center center","background-size":"auto","background-attachment":"scroll","background-type":"","background-media":"","overlay-type":"","overlay-color":"","overlay-opacity":"","overlay-gradient":""}},"ast-content-background-meta":{"desktop":{"background-color":"var(--ast-global-color-4)","background-image":"","background-repeat":"repeat","background-position":"center center","background-size":"auto","background-attachment":"scroll","background-type":"","background-media":"","overlay-type":"","overlay-color":"","overlay-opacity":"","overlay-gradient":""},"tablet":{"background-color":"var(--ast-global-color-4)","background-image":"","background-repeat":"repeat","background-position":"center center","background-size":"auto","background-attachment":"scroll","background-type":"","background-media":"","overlay-type":"","overlay-color":"","overlay-opacity":"","overlay-gradient":""},"mobile":{"background-color":"var(--ast-global-color-4)","background-image":"","background-repeat":"repeat","background-position":"center center","background-size":"auto","background-attachment":"scroll","background-type":"","background-media":"","overlay-type":"","overlay-color":"","overlay-opacity":"","overlay-gradient":""}},"_joinchat":[],"footnotes":""},"categories":[29],"tags":[],"_links":{"self":[{"href":"https:\/\/radiosantaclara.sitetopfm.com.br\/site\/wp-json\/wp\/v2\/posts\/10384"}],"collection":[{"href":"https:\/\/radiosantaclara.sitetopfm.com.br\/site\/wp-json\/wp\/v2\/posts"}],"about":[{"href":"https:\/\/radiosantaclara.sitetopfm.com.br\/site\/wp-json\/wp\/v2\/types\/post"}],"author":[{"embeddable":true,"href":"https:\/\/radiosantaclara.sitetopfm.com.br\/site\/wp-json\/wp\/v2\/users\/1"}],"replies":[{"embeddable":true,"href":"https:\/\/radiosantaclara.sitetopfm.com.br\/site\/wp-json\/wp\/v2\/comments?post=10384"}],"version-history":[{"count":0,"href":"https:\/\/radiosantaclara.sitetopfm.com.br\/site\/wp-json\/wp\/v2\/posts\/10384\/revisions"}],"wp:featuredmedia":[{"embeddable":true,"href":"https:\/\/radiosantaclara.sitetopfm.com.br\/site\/wp-json\/wp\/v2\/media\/10385"}],"wp:attachment":[{"href":"https:\/\/radiosantaclara.sitetopfm.com.br\/site\/wp-json\/wp\/v2\/media?parent=10384"}],"wp:term":[{"taxonomy":"category","embeddable":true,"href":"https:\/\/radiosantaclara.sitetopfm.com.br\/site\/wp-json\/wp\/v2\/categories?post=10384"},{"taxonomy":"post_tag","embeddable":true,"href":"https:\/\/radiosantaclara.sitetopfm.com.br\/site\/wp-json\/wp\/v2\/tags?post=10384"}],"curies":[{"name":"wp","href":"https:\/\/api.w.org\/{rel}","templated":true}]}}