{"id":10372,"date":"2026-07-15T14:21:06","date_gmt":"2026-07-15T17:21:06","guid":{"rendered":"https:\/\/radiosantaclara.sitetopfm.com.br\/site\/comissao-aprova-isencao-de-imposto-de-renda-para-profissionais-de-seguranca-publica-noticias\/"},"modified":"2026-07-15T14:21:06","modified_gmt":"2026-07-15T17:21:06","slug":"comissao-aprova-isencao-de-imposto-de-renda-para-profissionais-de-seguranca-publica-noticias","status":"publish","type":"post","link":"https:\/\/radiosantaclara.sitetopfm.com.br\/site\/comissao-aprova-isencao-de-imposto-de-renda-para-profissionais-de-seguranca-publica-noticias\/","title":{"rendered":"Comiss\u00e3o aprova isen\u00e7\u00e3o de Imposto de Renda para profissionais de seguran\u00e7a p\u00fablica &#8211; Not\u00edcias"},"content":{"rendered":"<p> <br \/>\n<\/p>\n<div>\n<p class=\"g-artigo__data-hora\">\n\t\t\t\t\t\t\t\t\t\t\t15\/07\/2026 &#8211; 11:32 \u00a0\n\t\t\t\t\t\t\t\t\t\t<\/p>\n<div id=\"image-container-1291447\" class=\"image-container\" style=\"float: none; margin: 45px 0px; width: 100%;\" data-midia=\"1291447\">\n<p><em>Kayo Magalh\u00e3es \/ C\u00e2mara dos Deputados<\/em><\/p>\n<p>Andr\u00e9 Fernandes acolheu emenda que ampliou as categorias beneficiadas<\/p>\n<\/p><\/div>\n<p>A Comiss\u00e3o de Seguran\u00e7a P\u00fablica da C\u00e2mara dos Deputados aprovou o Projeto de Lei 5814\/25, que isenta os agentes de seguran\u00e7a p\u00fablica do pagamento de Imposto de Renda.<\/p>\n<p>A isen\u00e7\u00e3o beneficia profissionais em atividade, aposentados e pensionistas:<\/p>\n<ul>\n<li>da Pol\u00edcia Federal;<\/li>\n<li>da pol\u00edcia civil;<\/li>\n<li>da pol\u00edcia militar;<\/li>\n<li>da pol\u00edcia legislativa;<\/li>\n<li>agentes socioeducativos;<\/li>\n<li>peritos criminais;<\/li>\n<li>guardas municipais; e<\/li>\n<li>agentes de tr\u00e2nsito.<\/li>\n<\/ul>\n<p><strong>Parecer favor\u00e1vel<\/strong><br \/>O relator, deputado Andr\u00e9 Fernandes (PL-CE), votou pela aprova\u00e7\u00e3o do texto, de autoria do deputado Pompeo de Mattos (PDT-RS), acolhendo emenda para detalhar as categorias beneficiadas.<\/p>\n<p>A emenda incluiu expressamente os peritos criminais, os guardas municipais e os agentes de tr\u00e2nsito.<\/p>\n<p><strong>Justi\u00e7a fiscal<\/strong><br \/>Fernandes avalia que a isen\u00e7\u00e3o n\u00e3o \u00e9 um privil\u00e9gio, mas uma forma de justi\u00e7a fiscal diante do risco de morte e do desgaste f\u00edsico enfrentado pela categoria.<\/p>\n<p>\u201c\u00c9 comum que o profissional de seguran\u00e7a tenha de pagar do pr\u00f3prio bolso itens essenciais ao trabalho, como fardamento, coletes, equipamentos de prote\u00e7\u00e3o e at\u00e9 muni\u00e7\u00e3o para treinamento, necess\u00e1rio tanto \u00e0 sua seguran\u00e7a quanto \u00e0 prote\u00e7\u00e3o da sociedade&#8221;, afirmou o deputado.<\/p>\n<p><strong>Recursos<\/strong><br \/>Sobre a falta de previs\u00e3o or\u00e7ament\u00e1ria para compensar a ren\u00fancia de receita, o relator argumentou que o dinheiro que deixar\u00e1 de ser recolhido pelo governo ser\u00e1 injetado pelas fam\u00edlias no consumo interno.<\/p>\n<p>Segundo ele, esse movimento deve aquecer o com\u00e9rcio local e a cadeia produtiva, gerando uma arrecada\u00e7\u00e3o tribut\u00e1ria indireta de outros impostos.<\/p>\n<p><strong>Pr\u00f3ximas etapas<br \/><\/strong>A proposta ser\u00e1 ainda analisada, em <span id=\"4322\" class=\"termoGlossario\" title=\"Rito de tramita\u00e7\u00e3o pelo qual o projeto \u00e9 votado apenas pelas comiss\u00f5es designadas para analis\u00e1-lo, dispensada a delibera\u00e7\u00e3o do Plen\u00e1rio. O projeto perde o car\u00e1ter conclusivo se houver decis\u00e3o divergente entre as comiss\u00f5es ou se, independentemente de ser aprovado ou rejeitado, houver recurso assinado por 52 deputados para a aprecia\u00e7\u00e3o da mat\u00e9ria no Plen\u00e1rio.\" contenteditable=\"false\" data-toggle=\"tooltip\" data-placement=\"top\">car\u00e1ter conclusivo<\/span>, pelas comiss\u00f5es de Finan\u00e7as e Tributa\u00e7\u00e3o; e de Constitui\u00e7\u00e3o e Justi\u00e7a e de Cidadania.<\/p>\n<p>Para virar lei, o texto deve ser aprovado pela C\u00e2mara e pelo Senado.<\/p>\n<p style=\"font-size: 0.8rem; font-weight: 700;\">Reportagem \u2013 Murilo Souza <br \/>Edi\u00e7\u00e3o \u2013 Natalia Doederlein<\/p>\n<\/p><\/div>\n<p><br \/>\n<br \/><a href=\"https:\/\/www.camara.leg.br\/noticias\/1291228-comissao-aprova-isencao-de-imposto-de-renda-para-profissionais-de-seguranca-publica\/\">postagem original <\/a><\/p>\n","protected":false},"excerpt":{"rendered":"<p>15\/07\/2026 &#8211; 11:32 \u00a0 Kayo Magalh\u00e3es \/ C\u00e2mara dos Deputados Andr\u00e9 Fernandes acolheu emenda que ampliou as categorias beneficiadas A [&hellip;]<\/p>\n","protected":false},"author":1,"featured_media":10373,"comment_status":"open","ping_status":"open","sticky":false,"template":"","format":"standard","meta":{"site-sidebar-layout":"default","site-content-layout":"","ast-site-content-layout":"default","site-content-style":"default","site-sidebar-style":"default","ast-global-header-display":"","ast-banner-title-visibility":"","ast-main-header-display":"","ast-hfb-above-header-display":"","ast-hfb-below-header-display":"","ast-hfb-mobile-header-display":"","site-post-title":"","ast-breadcrumbs-content":"","ast-featured-img":"","footer-sml-layout":"","theme-transparent-header-meta":"","adv-header-id-meta":"","stick-header-meta":"","header-above-stick-meta":"","header-main-stick-meta":"","header-below-stick-meta":"","astra-migrate-meta-layouts":"default","ast-page-background-enabled":"default","ast-page-background-meta":{"desktop":{"background-color":"var(--ast-global-color-5)","background-image":"","background-repeat":"repeat","background-position":"center center","background-size":"auto","background-attachment":"scroll","background-type":"","background-media":"","overlay-type":"","overlay-color":"","overlay-opacity":"","overlay-gradient":""},"tablet":{"background-color":"","background-image":"","background-repeat":"repeat","background-position":"center center","background-size":"auto","background-attachment":"scroll","background-type":"","background-media":"","overlay-type":"","overlay-color":"","overlay-opacity":"","overlay-gradient":""},"mobile":{"background-color":"","background-image":"","background-repeat":"repeat","background-position":"center center","background-size":"auto","background-attachment":"scroll","background-type":"","background-media":"","overlay-type":"","overlay-color":"","overlay-opacity":"","overlay-gradient":""}},"ast-content-background-meta":{"desktop":{"background-color":"var(--ast-global-color-4)","background-image":"","background-repeat":"repeat","background-position":"center center","background-size":"auto","background-attachment":"scroll","background-type":"","background-media":"","overlay-type":"","overlay-color":"","overlay-opacity":"","overlay-gradient":""},"tablet":{"background-color":"var(--ast-global-color-4)","background-image":"","background-repeat":"repeat","background-position":"center center","background-size":"auto","background-attachment":"scroll","background-type":"","background-media":"","overlay-type":"","overlay-color":"","overlay-opacity":"","overlay-gradient":""},"mobile":{"background-color":"var(--ast-global-color-4)","background-image":"","background-repeat":"repeat","background-position":"center center","background-size":"auto","background-attachment":"scroll","background-type":"","background-media":"","overlay-type":"","overlay-color":"","overlay-opacity":"","overlay-gradient":""}},"_joinchat":[],"footnotes":""},"categories":[29],"tags":[],"_links":{"self":[{"href":"https:\/\/radiosantaclara.sitetopfm.com.br\/site\/wp-json\/wp\/v2\/posts\/10372"}],"collection":[{"href":"https:\/\/radiosantaclara.sitetopfm.com.br\/site\/wp-json\/wp\/v2\/posts"}],"about":[{"href":"https:\/\/radiosantaclara.sitetopfm.com.br\/site\/wp-json\/wp\/v2\/types\/post"}],"author":[{"embeddable":true,"href":"https:\/\/radiosantaclara.sitetopfm.com.br\/site\/wp-json\/wp\/v2\/users\/1"}],"replies":[{"embeddable":true,"href":"https:\/\/radiosantaclara.sitetopfm.com.br\/site\/wp-json\/wp\/v2\/comments?post=10372"}],"version-history":[{"count":0,"href":"https:\/\/radiosantaclara.sitetopfm.com.br\/site\/wp-json\/wp\/v2\/posts\/10372\/revisions"}],"wp:featuredmedia":[{"embeddable":true,"href":"https:\/\/radiosantaclara.sitetopfm.com.br\/site\/wp-json\/wp\/v2\/media\/10373"}],"wp:attachment":[{"href":"https:\/\/radiosantaclara.sitetopfm.com.br\/site\/wp-json\/wp\/v2\/media?parent=10372"}],"wp:term":[{"taxonomy":"category","embeddable":true,"href":"https:\/\/radiosantaclara.sitetopfm.com.br\/site\/wp-json\/wp\/v2\/categories?post=10372"},{"taxonomy":"post_tag","embeddable":true,"href":"https:\/\/radiosantaclara.sitetopfm.com.br\/site\/wp-json\/wp\/v2\/tags?post=10372"}],"curies":[{"name":"wp","href":"https:\/\/api.w.org\/{rel}","templated":true}]}}